{"id":4195,"date":"2020-01-21T00:00:00","date_gmt":"2020-01-21T05:00:00","guid":{"rendered":"https:\/\/dtglobal.swooncreative.ca\/2023\/08\/14\/qa-with-jessica-reitz-curtin-on-integrating-learning-and-adapting-programming\/"},"modified":"2023-10-19T16:49:46","modified_gmt":"2023-10-19T20:49:46","slug":"jessica-reitz-curtin-integrating-learning","status":"publish","type":"post","link":"https:\/\/dt-global.com\/es\/blog\/jessica-reitz-curtin-integrating-learning\/","title":{"rendered":"Q&#038;A with Jessica Reitz Curtin on Integrating Learning and Adapting Programming"},"content":{"rendered":"<p>\u00bfCu\u00e1les son las mejores pr\u00e1cticas que ha encontrado para integrar una agenda de aprendizaje en la programaci\u00f3n? Creo que hay tres componentes clave para integrar una agenda de aprendizaje en la programaci\u00f3n. El primer componente es la cultura: crear una cultura de la curiosidad que fomente la creatividad y recompense la asunci\u00f3n de riesgos.<\/p>","protected":false},"excerpt":{"rendered":"<p>\u00bfCu\u00e1les son las mejores pr\u00e1cticas que ha encontrado para integrar una agenda de aprendizaje en la programaci\u00f3n? Creo que hay tres componentes clave para integrar una agenda de aprendizaje en la programaci\u00f3n. El primer componente es la cultura: crear una cultura de la curiosidad que fomente la creatividad y recompense la asunci\u00f3n de riesgos.<\/p>","protected":false},"author":53,"featured_media":3927,"comment_status":"closed","ping_status":"open","sticky":false,"template":"","format":"standard","meta":{"_acf_changed":false,"footnotes":""},"categories":[646],"tags":[76],"category_type":[17],"class_list":["post-4195","post","type-post","status-publish","format-standard","has-post-thumbnail","hentry","category-blog","tag-learning-and-innovation","category_type-blog"],"acf":[],"yoast_head":"<!-- This site is optimized with the Yoast SEO plugin v27.4 - https:\/\/yoast.com\/product\/yoast-seo-wordpress\/ -->\n<title>Q&amp;A with Jessica Reitz Curtin on Integrating Learning and Adapting Programming - DTGlobal<\/title>\n<meta name=\"robots\" content=\"index, follow, max-snippet:-1, max-image-preview:large, max-video-preview:-1\" \/>\n<link rel=\"canonical\" href=\"https:\/\/dt-global.com\/es\/blog\/jessica-reitz-curtin-integrating-learning\/\" \/>\n<meta property=\"og:locale\" content=\"es_ES\" \/>\n<meta property=\"og:type\" content=\"article\" \/>\n<meta property=\"og:title\" content=\"Q&amp;A with Jessica Reitz Curtin on Integrating Learning and Adapting Programming - DTGlobal\" \/>\n<meta property=\"og:description\" content=\"What are the best practices you\u2019ve found for integrating a learning agenda into programming? I believe that there are three key components to integrate a learning agenda into programming. The first component is culture: creating a culture of curiosity that encourages creativity and rewards risk-taking.\" \/>\n<meta property=\"og:url\" content=\"https:\/\/dt-global.com\/es\/blog\/jessica-reitz-curtin-integrating-learning\/\" \/>\n<meta property=\"og:site_name\" content=\"DTGlobal\" \/>\n<meta property=\"article:publisher\" content=\"https:\/\/www.facebook.com\/WeAreDTGlobal\/\" \/>\n<meta property=\"article:published_time\" content=\"2020-01-21T05:00:00+00:00\" \/>\n<meta property=\"article:modified_time\" content=\"2023-10-19T20:49:46+00:00\" \/>\n<meta property=\"og:image\" content=\"https:\/\/dt-global.com\/wp-content\/uploads\/2023\/08\/jess-headshot.jpeg\" \/>\n\t<meta property=\"og:image:width\" content=\"2560\" \/>\n\t<meta property=\"og:image:height\" content=\"2560\" \/>\n\t<meta property=\"og:image:type\" content=\"image\/jpeg\" \/>\n<meta name=\"author\" content=\"Jessica Reitz Curtin\" \/>\n<meta name=\"twitter:card\" content=\"summary_large_image\" \/>\n<meta name=\"twitter:creator\" content=\"@WeAreDTGlobal\" \/>\n<meta name=\"twitter:site\" content=\"@WeAreDTGlobal\" \/>\n<meta name=\"twitter:label1\" content=\"Escrito por\" \/>\n\t<meta name=\"twitter:data1\" content=\"Jessica Reitz Curtin\" \/>\n\t<meta name=\"twitter:label2\" content=\"Tiempo de lectura\" \/>\n\t<meta name=\"twitter:data2\" content=\"1 minuto\" \/>\n<script type=\"application\/ld+json\" class=\"yoast-schema-graph\">{\"@context\":\"https:\\\/\\\/schema.org\",\"@graph\":[{\"@type\":\"Article\",\"@id\":\"https:\\\/\\\/dt-global.com\\\/blog\\\/jessica-reitz-curtin-integrating-learning\\\/#article\",\"isPartOf\":{\"@id\":\"https:\\\/\\\/dt-global.com\\\/blog\\\/jessica-reitz-curtin-integrating-learning\\\/\"},\"author\":{\"name\":\"Jessica Reitz Curtin\",\"@id\":\"https:\\\/\\\/dt-global.com\\\/#\\\/schema\\\/person\\\/8db6ff68cf9216cbad2cc7802cdbc468\"},\"headline\":\"Q&#038;A with Jessica Reitz Curtin on Integrating Learning and Adapting Programming\",\"datePublished\":\"2020-01-21T05:00:00+00:00\",\"dateModified\":\"2023-10-19T20:49:46+00:00\",\"mainEntityOfPage\":{\"@id\":\"https:\\\/\\\/dt-global.com\\\/blog\\\/jessica-reitz-curtin-integrating-learning\\\/\"},\"wordCount\":58,\"publisher\":{\"@id\":\"https:\\\/\\\/dt-global.com\\\/#organization\"},\"image\":{\"@id\":\"https:\\\/\\\/dt-global.com\\\/blog\\\/jessica-reitz-curtin-integrating-learning\\\/#primaryimage\"},\"thumbnailUrl\":\"https:\\\/\\\/dt-global.com\\\/wp-content\\\/uploads\\\/2023\\\/08\\\/jess-headshot.jpeg\",\"keywords\":[\"Learning and Innovation\"],\"articleSection\":[\"Blog\"],\"inLanguage\":\"es\"},{\"@type\":\"WebPage\",\"@id\":\"https:\\\/\\\/dt-global.com\\\/blog\\\/jessica-reitz-curtin-integrating-learning\\\/\",\"url\":\"https:\\\/\\\/dt-global.com\\\/blog\\\/jessica-reitz-curtin-integrating-learning\\\/\",\"name\":\"Q&A with Jessica Reitz Curtin on Integrating Learning and Adapting Programming - DTGlobal\",\"isPartOf\":{\"@id\":\"https:\\\/\\\/dt-global.com\\\/#website\"},\"primaryImageOfPage\":{\"@id\":\"https:\\\/\\\/dt-global.com\\\/blog\\\/jessica-reitz-curtin-integrating-learning\\\/#primaryimage\"},\"image\":{\"@id\":\"https:\\\/\\\/dt-global.com\\\/blog\\\/jessica-reitz-curtin-integrating-learning\\\/#primaryimage\"},\"thumbnailUrl\":\"https:\\\/\\\/dt-global.com\\\/wp-content\\\/uploads\\\/2023\\\/08\\\/jess-headshot.jpeg\",\"datePublished\":\"2020-01-21T05:00:00+00:00\",\"dateModified\":\"2023-10-19T20:49:46+00:00\",\"breadcrumb\":{\"@id\":\"https:\\\/\\\/dt-global.com\\\/blog\\\/jessica-reitz-curtin-integrating-learning\\\/#breadcrumb\"},\"inLanguage\":\"es\",\"potentialAction\":[{\"@type\":\"ReadAction\",\"target\":[\"https:\\\/\\\/dt-global.com\\\/blog\\\/jessica-reitz-curtin-integrating-learning\\\/\"]}]},{\"@type\":\"ImageObject\",\"inLanguage\":\"es\",\"@id\":\"https:\\\/\\\/dt-global.com\\\/blog\\\/jessica-reitz-curtin-integrating-learning\\\/#primaryimage\",\"url\":\"https:\\\/\\\/dt-global.com\\\/wp-content\\\/uploads\\\/2023\\\/08\\\/jess-headshot.jpeg\",\"contentUrl\":\"https:\\\/\\\/dt-global.com\\\/wp-content\\\/uploads\\\/2023\\\/08\\\/jess-headshot.jpeg\",\"width\":2560,\"height\":2560},{\"@type\":\"BreadcrumbList\",\"@id\":\"https:\\\/\\\/dt-global.com\\\/blog\\\/jessica-reitz-curtin-integrating-learning\\\/#breadcrumb\",\"itemListElement\":[{\"@type\":\"ListItem\",\"position\":1,\"name\":\"Home\",\"item\":\"https:\\\/\\\/dt-global.com\\\/fr\\\/\"},{\"@type\":\"ListItem\",\"position\":2,\"name\":\"Q&#038;A with Jessica Reitz Curtin on Integrating Learning and Adapting Programming\"}]},{\"@type\":\"WebSite\",\"@id\":\"https:\\\/\\\/dt-global.com\\\/#website\",\"url\":\"https:\\\/\\\/dt-global.com\\\/\",\"name\":\"DTGlobal\",\"description\":\"A force for positive change\",\"publisher\":{\"@id\":\"https:\\\/\\\/dt-global.com\\\/#organization\"},\"potentialAction\":[{\"@type\":\"SearchAction\",\"target\":{\"@type\":\"EntryPoint\",\"urlTemplate\":\"https:\\\/\\\/dt-global.com\\\/?s={search_term_string}\"},\"query-input\":{\"@type\":\"PropertyValueSpecification\",\"valueRequired\":true,\"valueName\":\"search_term_string\"}}],\"inLanguage\":\"es\"},{\"@type\":\"Organization\",\"@id\":\"https:\\\/\\\/dt-global.com\\\/#organization\",\"name\":\"DT Global\",\"url\":\"https:\\\/\\\/dt-global.com\\\/\",\"logo\":{\"@type\":\"ImageObject\",\"inLanguage\":\"es\",\"@id\":\"https:\\\/\\\/dt-global.com\\\/#\\\/schema\\\/logo\\\/image\\\/\",\"url\":\"https:\\\/\\\/dt-global.com\\\/wp-content\\\/uploads\\\/2025\\\/03\\\/DTG_Logo_Screen_LRG-1.png\",\"contentUrl\":\"https:\\\/\\\/dt-global.com\\\/wp-content\\\/uploads\\\/2025\\\/03\\\/DTG_Logo_Screen_LRG-1.png\",\"width\":3368,\"height\":829,\"caption\":\"DT Global\"},\"image\":{\"@id\":\"https:\\\/\\\/dt-global.com\\\/#\\\/schema\\\/logo\\\/image\\\/\"},\"sameAs\":[\"https:\\\/\\\/www.facebook.com\\\/WeAreDTGlobal\\\/\",\"https:\\\/\\\/x.com\\\/WeAreDTGlobal\",\"https:\\\/\\\/www.linkedin.com\\\/company\\\/dt-global\\\/\"]},{\"@type\":\"Person\",\"@id\":\"https:\\\/\\\/dt-global.com\\\/#\\\/schema\\\/person\\\/8db6ff68cf9216cbad2cc7802cdbc468\",\"name\":\"Jessica Reitz Curtin\",\"image\":{\"@type\":\"ImageObject\",\"inLanguage\":\"es\",\"@id\":\"https:\\\/\\\/secure.gravatar.com\\\/avatar\\\/5431482903f82fb449b11e45398933eceae56c223fcb4c0c72631881c8532bf6?s=96&d=mm&r=g\",\"url\":\"https:\\\/\\\/secure.gravatar.com\\\/avatar\\\/5431482903f82fb449b11e45398933eceae56c223fcb4c0c72631881c8532bf6?s=96&d=mm&r=g\",\"contentUrl\":\"https:\\\/\\\/secure.gravatar.com\\\/avatar\\\/5431482903f82fb449b11e45398933eceae56c223fcb4c0c72631881c8532bf6?s=96&d=mm&r=g\",\"caption\":\"Jessica Reitz Curtin\"},\"url\":\"https:\\\/\\\/dt-global.com\\\/es\\\/author\\\/jessica-reitz-curtin\\\/\"}]}<\/script>\n<!-- \/ Yoast SEO plugin. -->","yoast_head_json":{"title":"Q&A with Jessica Reitz Curtin on Integrating Learning and Adapting Programming - DTGlobal","robots":{"index":"index","follow":"follow","max-snippet":"max-snippet:-1","max-image-preview":"max-image-preview:large","max-video-preview":"max-video-preview:-1"},"canonical":"https:\/\/dt-global.com\/es\/blog\/jessica-reitz-curtin-integrating-learning\/","og_locale":"es_ES","og_type":"article","og_title":"Q&A with Jessica Reitz Curtin on Integrating Learning and Adapting Programming - DTGlobal","og_description":"What are the best practices you\u2019ve found for integrating a learning agenda into programming? I believe that there are three key components to integrate a learning agenda into programming. The first component is culture: creating a culture of curiosity that encourages creativity and rewards risk-taking.","og_url":"https:\/\/dt-global.com\/es\/blog\/jessica-reitz-curtin-integrating-learning\/","og_site_name":"DTGlobal","article_publisher":"https:\/\/www.facebook.com\/WeAreDTGlobal\/","article_published_time":"2020-01-21T05:00:00+00:00","article_modified_time":"2023-10-19T20:49:46+00:00","og_image":[{"width":2560,"height":2560,"url":"https:\/\/dt-global.com\/wp-content\/uploads\/2023\/08\/jess-headshot.jpeg","type":"image\/jpeg"}],"author":"Jessica Reitz Curtin","twitter_card":"summary_large_image","twitter_creator":"@WeAreDTGlobal","twitter_site":"@WeAreDTGlobal","twitter_misc":{"Escrito por":"Jessica Reitz Curtin","Tiempo de lectura":"1 minuto"},"schema":{"@context":"https:\/\/schema.org","@graph":[{"@type":"Article","@id":"https:\/\/dt-global.com\/blog\/jessica-reitz-curtin-integrating-learning\/#article","isPartOf":{"@id":"https:\/\/dt-global.com\/blog\/jessica-reitz-curtin-integrating-learning\/"},"author":{"name":"Jessica Reitz Curtin","@id":"https:\/\/dt-global.com\/#\/schema\/person\/8db6ff68cf9216cbad2cc7802cdbc468"},"headline":"Q&#038;A with Jessica Reitz Curtin on Integrating Learning and Adapting Programming","datePublished":"2020-01-21T05:00:00+00:00","dateModified":"2023-10-19T20:49:46+00:00","mainEntityOfPage":{"@id":"https:\/\/dt-global.com\/blog\/jessica-reitz-curtin-integrating-learning\/"},"wordCount":58,"publisher":{"@id":"https:\/\/dt-global.com\/#organization"},"image":{"@id":"https:\/\/dt-global.com\/blog\/jessica-reitz-curtin-integrating-learning\/#primaryimage"},"thumbnailUrl":"https:\/\/dt-global.com\/wp-content\/uploads\/2023\/08\/jess-headshot.jpeg","keywords":["Learning and Innovation"],"articleSection":["Blog"],"inLanguage":"es"},{"@type":"WebPage","@id":"https:\/\/dt-global.com\/blog\/jessica-reitz-curtin-integrating-learning\/","url":"https:\/\/dt-global.com\/blog\/jessica-reitz-curtin-integrating-learning\/","name":"Q&A with Jessica Reitz Curtin on Integrating Learning and Adapting Programming - DTGlobal","isPartOf":{"@id":"https:\/\/dt-global.com\/#website"},"primaryImageOfPage":{"@id":"https:\/\/dt-global.com\/blog\/jessica-reitz-curtin-integrating-learning\/#primaryimage"},"image":{"@id":"https:\/\/dt-global.com\/blog\/jessica-reitz-curtin-integrating-learning\/#primaryimage"},"thumbnailUrl":"https:\/\/dt-global.com\/wp-content\/uploads\/2023\/08\/jess-headshot.jpeg","datePublished":"2020-01-21T05:00:00+00:00","dateModified":"2023-10-19T20:49:46+00:00","breadcrumb":{"@id":"https:\/\/dt-global.com\/blog\/jessica-reitz-curtin-integrating-learning\/#breadcrumb"},"inLanguage":"es","potentialAction":[{"@type":"ReadAction","target":["https:\/\/dt-global.com\/blog\/jessica-reitz-curtin-integrating-learning\/"]}]},{"@type":"ImageObject","inLanguage":"es","@id":"https:\/\/dt-global.com\/blog\/jessica-reitz-curtin-integrating-learning\/#primaryimage","url":"https:\/\/dt-global.com\/wp-content\/uploads\/2023\/08\/jess-headshot.jpeg","contentUrl":"https:\/\/dt-global.com\/wp-content\/uploads\/2023\/08\/jess-headshot.jpeg","width":2560,"height":2560},{"@type":"BreadcrumbList","@id":"https:\/\/dt-global.com\/blog\/jessica-reitz-curtin-integrating-learning\/#breadcrumb","itemListElement":[{"@type":"ListItem","position":1,"name":"Home","item":"https:\/\/dt-global.com\/fr\/"},{"@type":"ListItem","position":2,"name":"Q&#038;A with Jessica Reitz Curtin on Integrating Learning and Adapting Programming"}]},{"@type":"WebSite","@id":"https:\/\/dt-global.com\/#website","url":"https:\/\/dt-global.com\/","name":"DTGlobal","description":"A force for positive change","publisher":{"@id":"https:\/\/dt-global.com\/#organization"},"potentialAction":[{"@type":"SearchAction","target":{"@type":"EntryPoint","urlTemplate":"https:\/\/dt-global.com\/?s={search_term_string}"},"query-input":{"@type":"PropertyValueSpecification","valueRequired":true,"valueName":"search_term_string"}}],"inLanguage":"es"},{"@type":"Organization","@id":"https:\/\/dt-global.com\/#organization","name":"DT Global","url":"https:\/\/dt-global.com\/","logo":{"@type":"ImageObject","inLanguage":"es","@id":"https:\/\/dt-global.com\/#\/schema\/logo\/image\/","url":"https:\/\/dt-global.com\/wp-content\/uploads\/2025\/03\/DTG_Logo_Screen_LRG-1.png","contentUrl":"https:\/\/dt-global.com\/wp-content\/uploads\/2025\/03\/DTG_Logo_Screen_LRG-1.png","width":3368,"height":829,"caption":"DT Global"},"image":{"@id":"https:\/\/dt-global.com\/#\/schema\/logo\/image\/"},"sameAs":["https:\/\/www.facebook.com\/WeAreDTGlobal\/","https:\/\/x.com\/WeAreDTGlobal","https:\/\/www.linkedin.com\/company\/dt-global\/"]},{"@type":"Person","@id":"https:\/\/dt-global.com\/#\/schema\/person\/8db6ff68cf9216cbad2cc7802cdbc468","name":"Jessica Reitzcurtin","image":{"@type":"ImageObject","inLanguage":"es","@id":"https:\/\/secure.gravatar.com\/avatar\/5431482903f82fb449b11e45398933eceae56c223fcb4c0c72631881c8532bf6?s=96&d=mm&r=g","url":"https:\/\/secure.gravatar.com\/avatar\/5431482903f82fb449b11e45398933eceae56c223fcb4c0c72631881c8532bf6?s=96&d=mm&r=g","contentUrl":"https:\/\/secure.gravatar.com\/avatar\/5431482903f82fb449b11e45398933eceae56c223fcb4c0c72631881c8532bf6?s=96&d=mm&r=g","caption":"Jessica Reitz Curtin"},"url":"https:\/\/dt-global.com\/es\/author\/jessica-reitz-curtin\/"}]}},"_links":{"self":[{"href":"https:\/\/dt-global.com\/es\/wp-json\/wp\/v2\/posts\/4195","targetHints":{"allow":["GET"]}}],"collection":[{"href":"https:\/\/dt-global.com\/es\/wp-json\/wp\/v2\/posts"}],"about":[{"href":"https:\/\/dt-global.com\/es\/wp-json\/wp\/v2\/types\/post"}],"author":[{"embeddable":true,"href":"https:\/\/dt-global.com\/es\/wp-json\/wp\/v2\/users\/53"}],"replies":[{"embeddable":true,"href":"https:\/\/dt-global.com\/es\/wp-json\/wp\/v2\/comments?post=4195"}],"version-history":[{"count":0,"href":"https:\/\/dt-global.com\/es\/wp-json\/wp\/v2\/posts\/4195\/revisions"}],"wp:featuredmedia":[{"embeddable":true,"href":"https:\/\/dt-global.com\/es\/wp-json\/wp\/v2\/media\/3927"}],"wp:attachment":[{"href":"https:\/\/dt-global.com\/es\/wp-json\/wp\/v2\/media?parent=4195"}],"wp:term":[{"taxonomy":"category","embeddable":true,"href":"https:\/\/dt-global.com\/es\/wp-json\/wp\/v2\/categories?post=4195"},{"taxonomy":"post_tag","embeddable":true,"href":"https:\/\/dt-global.com\/es\/wp-json\/wp\/v2\/tags?post=4195"},{"taxonomy":"category_type","embeddable":true,"href":"https:\/\/dt-global.com\/es\/wp-json\/wp\/v2\/category_type?post=4195"}],"curies":[{"name":"wp","href":"https:\/\/api.w.org\/{rel}","templated":true}]}}