{"id":4272,"date":"2021-09-16T00:00:00","date_gmt":"2021-09-16T04:00:00","guid":{"rendered":"https:\/\/dtglobal.swooncreative.ca\/2023\/08\/14\/universal-design-a-key-part-of-an-equitable-and-inclusive-society\/"},"modified":"2023-10-19T16:50:24","modified_gmt":"2023-10-19T20:50:24","slug":"universal-design","status":"publish","type":"post","link":"https:\/\/dt-global.com\/es\/blog\/universal-design\/","title":{"rendered":"Dise\u00f1o universal: una parte clave de una sociedad equitativa e inclusiva"},"content":{"rendered":"<p>\u00bfHas o\u00eddo alguna vez el t\u00e9rmino \u201cdise\u00f1o universal\u201d? En pocas palabras, el dise\u00f1o universal gu\u00eda la creaci\u00f3n de productos, servicios y entornos que satisfacen las necesidades de TODAS las personas, independientemente de su edad, tama\u00f1o, g\u00e9nero, origen \u00e9tnico, capacidad o discapacidad. Existe la idea err\u00f3nea de que el dise\u00f1o universal es el dise\u00f1o adaptado<\/p>","protected":false},"excerpt":{"rendered":"<p>\u00bfHas o\u00eddo alguna vez el t\u00e9rmino \u201cdise\u00f1o universal\u201d? En pocas palabras, el dise\u00f1o universal gu\u00eda la creaci\u00f3n de productos, servicios y entornos que satisfacen las necesidades de TODAS las personas, independientemente de su edad, tama\u00f1o, g\u00e9nero, origen \u00e9tnico, capacidad o discapacidad. Existe la idea err\u00f3nea de que el dise\u00f1o universal es el dise\u00f1o adaptado<\/p>","protected":false},"author":73,"featured_media":4058,"comment_status":"closed","ping_status":"open","sticky":false,"template":"","format":"standard","meta":{"_acf_changed":false,"footnotes":""},"categories":[646,20],"tags":[191],"category_type":[17],"class_list":["post-4272","post","type-post","status-publish","format-standard","has-post-thumbnail","hentry","category-blog","category-environment-infrastructure","tag-environment-infrastructure","category_type-blog"],"acf":[],"yoast_head":"<!-- This site is optimized with the Yoast SEO plugin v27.4 - https:\/\/yoast.com\/product\/yoast-seo-wordpress\/ -->\n<title>Universal Design: A Key Part of an Equitable and Inclusive Society - DTGlobal<\/title>\n<meta name=\"robots\" content=\"index, follow, max-snippet:-1, max-image-preview:large, max-video-preview:-1\" \/>\n<link rel=\"canonical\" href=\"https:\/\/dt-global.com\/es\/blog\/universal-design\/\" \/>\n<meta property=\"og:locale\" content=\"es_ES\" \/>\n<meta property=\"og:type\" content=\"article\" \/>\n<meta property=\"og:title\" content=\"Universal Design: A Key Part of an Equitable and Inclusive Society - DTGlobal\" \/>\n<meta property=\"og:description\" content=\"Have you ever heard the term \u201cuniversal design\u201d? Simply put, universal design guides the creations of products, services, and environments that meet ALL peoples\u2019 needs, regardless of their age, size, gender, ethnicity, ability, or disability. There is the misconception that universal design is design that is adapted\" \/>\n<meta property=\"og:url\" content=\"https:\/\/dt-global.com\/es\/blog\/universal-design\/\" \/>\n<meta property=\"og:site_name\" content=\"DTGlobal\" \/>\n<meta property=\"article:publisher\" content=\"https:\/\/www.facebook.com\/WeAreDTGlobal\/\" \/>\n<meta property=\"article:published_time\" content=\"2021-09-16T04:00:00+00:00\" \/>\n<meta property=\"article:modified_time\" content=\"2023-10-19T20:50:24+00:00\" \/>\n<meta property=\"og:image\" content=\"https:\/\/dt-global.com\/wp-content\/uploads\/2023\/08\/universal-design-bus-photo.jpg\" \/>\n\t<meta property=\"og:image:width\" content=\"1950\" \/>\n\t<meta property=\"og:image:height\" content=\"1113\" \/>\n\t<meta property=\"og:image:type\" content=\"image\/jpeg\" \/>\n<meta name=\"author\" content=\"Maria Sagrista\" \/>\n<meta name=\"twitter:card\" content=\"summary_large_image\" \/>\n<meta name=\"twitter:creator\" content=\"@WeAreDTGlobal\" \/>\n<meta name=\"twitter:site\" content=\"@WeAreDTGlobal\" \/>\n<meta name=\"twitter:label1\" content=\"Escrito por\" \/>\n\t<meta name=\"twitter:data1\" content=\"Maria Sagrista\" \/>\n\t<meta name=\"twitter:label2\" content=\"Tiempo de lectura\" \/>\n\t<meta name=\"twitter:data2\" content=\"1 minuto\" \/>\n<script type=\"application\/ld+json\" class=\"yoast-schema-graph\">{\"@context\":\"https:\\\/\\\/schema.org\",\"@graph\":[{\"@type\":\"Article\",\"@id\":\"https:\\\/\\\/dt-global.com\\\/fr\\\/blog\\\/universal-design\\\/#article\",\"isPartOf\":{\"@id\":\"https:\\\/\\\/dt-global.com\\\/fr\\\/blog\\\/universal-design\\\/\"},\"author\":{\"name\":\"Maria Sagrista\",\"@id\":\"https:\\\/\\\/dt-global.com\\\/#\\\/schema\\\/person\\\/c45c70b330f80ea786ba6fcc8e1708c3\"},\"headline\":\"Universal Design: A Key Part of an Equitable and Inclusive Society\",\"datePublished\":\"2021-09-16T04:00:00+00:00\",\"dateModified\":\"2023-10-19T20:50:24+00:00\",\"mainEntityOfPage\":{\"@id\":\"https:\\\/\\\/dt-global.com\\\/fr\\\/blog\\\/universal-design\\\/\"},\"wordCount\":58,\"publisher\":{\"@id\":\"https:\\\/\\\/dt-global.com\\\/#organization\"},\"image\":{\"@id\":\"https:\\\/\\\/dt-global.com\\\/fr\\\/blog\\\/universal-design\\\/#primaryimage\"},\"thumbnailUrl\":\"https:\\\/\\\/dt-global.com\\\/wp-content\\\/uploads\\\/2023\\\/08\\\/universal-design-bus-photo.jpg\",\"keywords\":[\"Environment &amp; Infrastructure\"],\"articleSection\":[\"Blog\",\"Environment &amp; Infrastructure\"],\"inLanguage\":\"es\"},{\"@type\":\"WebPage\",\"@id\":\"https:\\\/\\\/dt-global.com\\\/fr\\\/blog\\\/universal-design\\\/\",\"url\":\"https:\\\/\\\/dt-global.com\\\/fr\\\/blog\\\/universal-design\\\/\",\"name\":\"Universal Design: A Key Part of an Equitable and Inclusive Society - DTGlobal\",\"isPartOf\":{\"@id\":\"https:\\\/\\\/dt-global.com\\\/#website\"},\"primaryImageOfPage\":{\"@id\":\"https:\\\/\\\/dt-global.com\\\/fr\\\/blog\\\/universal-design\\\/#primaryimage\"},\"image\":{\"@id\":\"https:\\\/\\\/dt-global.com\\\/fr\\\/blog\\\/universal-design\\\/#primaryimage\"},\"thumbnailUrl\":\"https:\\\/\\\/dt-global.com\\\/wp-content\\\/uploads\\\/2023\\\/08\\\/universal-design-bus-photo.jpg\",\"datePublished\":\"2021-09-16T04:00:00+00:00\",\"dateModified\":\"2023-10-19T20:50:24+00:00\",\"breadcrumb\":{\"@id\":\"https:\\\/\\\/dt-global.com\\\/fr\\\/blog\\\/universal-design\\\/#breadcrumb\"},\"inLanguage\":\"es\",\"potentialAction\":[{\"@type\":\"ReadAction\",\"target\":[\"https:\\\/\\\/dt-global.com\\\/fr\\\/blog\\\/universal-design\\\/\"]}]},{\"@type\":\"ImageObject\",\"inLanguage\":\"es\",\"@id\":\"https:\\\/\\\/dt-global.com\\\/fr\\\/blog\\\/universal-design\\\/#primaryimage\",\"url\":\"https:\\\/\\\/dt-global.com\\\/wp-content\\\/uploads\\\/2023\\\/08\\\/universal-design-bus-photo.jpg\",\"contentUrl\":\"https:\\\/\\\/dt-global.com\\\/wp-content\\\/uploads\\\/2023\\\/08\\\/universal-design-bus-photo.jpg\",\"width\":1950,\"height\":1113},{\"@type\":\"BreadcrumbList\",\"@id\":\"https:\\\/\\\/dt-global.com\\\/fr\\\/blog\\\/universal-design\\\/#breadcrumb\",\"itemListElement\":[{\"@type\":\"ListItem\",\"position\":1,\"name\":\"Home\",\"item\":\"https:\\\/\\\/dt-global.com\\\/fr\\\/\"},{\"@type\":\"ListItem\",\"position\":2,\"name\":\"Universal Design: A Key Part of an Equitable and Inclusive Society\"}]},{\"@type\":\"WebSite\",\"@id\":\"https:\\\/\\\/dt-global.com\\\/#website\",\"url\":\"https:\\\/\\\/dt-global.com\\\/\",\"name\":\"DTGlobal\",\"description\":\"A force for positive change\",\"publisher\":{\"@id\":\"https:\\\/\\\/dt-global.com\\\/#organization\"},\"potentialAction\":[{\"@type\":\"SearchAction\",\"target\":{\"@type\":\"EntryPoint\",\"urlTemplate\":\"https:\\\/\\\/dt-global.com\\\/?s={search_term_string}\"},\"query-input\":{\"@type\":\"PropertyValueSpecification\",\"valueRequired\":true,\"valueName\":\"search_term_string\"}}],\"inLanguage\":\"es\"},{\"@type\":\"Organization\",\"@id\":\"https:\\\/\\\/dt-global.com\\\/#organization\",\"name\":\"DT Global\",\"url\":\"https:\\\/\\\/dt-global.com\\\/\",\"logo\":{\"@type\":\"ImageObject\",\"inLanguage\":\"es\",\"@id\":\"https:\\\/\\\/dt-global.com\\\/#\\\/schema\\\/logo\\\/image\\\/\",\"url\":\"https:\\\/\\\/dt-global.com\\\/wp-content\\\/uploads\\\/2025\\\/03\\\/DTG_Logo_Screen_LRG-1.png\",\"contentUrl\":\"https:\\\/\\\/dt-global.com\\\/wp-content\\\/uploads\\\/2025\\\/03\\\/DTG_Logo_Screen_LRG-1.png\",\"width\":3368,\"height\":829,\"caption\":\"DT Global\"},\"image\":{\"@id\":\"https:\\\/\\\/dt-global.com\\\/#\\\/schema\\\/logo\\\/image\\\/\"},\"sameAs\":[\"https:\\\/\\\/www.facebook.com\\\/WeAreDTGlobal\\\/\",\"https:\\\/\\\/x.com\\\/WeAreDTGlobal\",\"https:\\\/\\\/www.linkedin.com\\\/company\\\/dt-global\\\/\"]},{\"@type\":\"Person\",\"@id\":\"https:\\\/\\\/dt-global.com\\\/#\\\/schema\\\/person\\\/c45c70b330f80ea786ba6fcc8e1708c3\",\"name\":\"Maria Sagrista\",\"image\":{\"@type\":\"ImageObject\",\"inLanguage\":\"es\",\"@id\":\"https:\\\/\\\/secure.gravatar.com\\\/avatar\\\/2d90e797a25394f770565e82b221cba41f4f0f58c8418d6a0a4d94628c82ece7?s=96&d=mm&r=g\",\"url\":\"https:\\\/\\\/secure.gravatar.com\\\/avatar\\\/2d90e797a25394f770565e82b221cba41f4f0f58c8418d6a0a4d94628c82ece7?s=96&d=mm&r=g\",\"contentUrl\":\"https:\\\/\\\/secure.gravatar.com\\\/avatar\\\/2d90e797a25394f770565e82b221cba41f4f0f58c8418d6a0a4d94628c82ece7?s=96&d=mm&r=g\",\"caption\":\"Maria Sagrista\"},\"url\":\"https:\\\/\\\/dt-global.com\\\/es\\\/author\\\/maria-sagrista\\\/\"}]}<\/script>\n<!-- \/ Yoast SEO plugin. -->","yoast_head_json":{"title":"Universal Design: A Key Part of an Equitable and Inclusive Society - DTGlobal","robots":{"index":"index","follow":"follow","max-snippet":"max-snippet:-1","max-image-preview":"max-image-preview:large","max-video-preview":"max-video-preview:-1"},"canonical":"https:\/\/dt-global.com\/es\/blog\/universal-design\/","og_locale":"es_ES","og_type":"article","og_title":"Universal Design: A Key Part of an Equitable and Inclusive Society - DTGlobal","og_description":"Have you ever heard the term \u201cuniversal design\u201d? Simply put, universal design guides the creations of products, services, and environments that meet ALL peoples\u2019 needs, regardless of their age, size, gender, ethnicity, ability, or disability. There is the misconception that universal design is design that is adapted","og_url":"https:\/\/dt-global.com\/es\/blog\/universal-design\/","og_site_name":"DTGlobal","article_publisher":"https:\/\/www.facebook.com\/WeAreDTGlobal\/","article_published_time":"2021-09-16T04:00:00+00:00","article_modified_time":"2023-10-19T20:50:24+00:00","og_image":[{"width":1950,"height":1113,"url":"https:\/\/dt-global.com\/wp-content\/uploads\/2023\/08\/universal-design-bus-photo.jpg","type":"image\/jpeg"}],"author":"Maria Sagrista","twitter_card":"summary_large_image","twitter_creator":"@WeAreDTGlobal","twitter_site":"@WeAreDTGlobal","twitter_misc":{"Escrito por":"Maria Sagrista","Tiempo de lectura":"1 minuto"},"schema":{"@context":"https:\/\/schema.org","@graph":[{"@type":"Article","@id":"https:\/\/dt-global.com\/fr\/blog\/universal-design\/#article","isPartOf":{"@id":"https:\/\/dt-global.com\/fr\/blog\/universal-design\/"},"author":{"name":"Maria Sagrista","@id":"https:\/\/dt-global.com\/#\/schema\/person\/c45c70b330f80ea786ba6fcc8e1708c3"},"headline":"Universal Design: A Key Part of an Equitable and Inclusive Society","datePublished":"2021-09-16T04:00:00+00:00","dateModified":"2023-10-19T20:50:24+00:00","mainEntityOfPage":{"@id":"https:\/\/dt-global.com\/fr\/blog\/universal-design\/"},"wordCount":58,"publisher":{"@id":"https:\/\/dt-global.com\/#organization"},"image":{"@id":"https:\/\/dt-global.com\/fr\/blog\/universal-design\/#primaryimage"},"thumbnailUrl":"https:\/\/dt-global.com\/wp-content\/uploads\/2023\/08\/universal-design-bus-photo.jpg","keywords":["Environment &amp; Infrastructure"],"articleSection":["Blog","Environment &amp; Infrastructure"],"inLanguage":"es"},{"@type":"WebPage","@id":"https:\/\/dt-global.com\/fr\/blog\/universal-design\/","url":"https:\/\/dt-global.com\/fr\/blog\/universal-design\/","name":"Universal Design: A Key Part of an Equitable and Inclusive Society - DTGlobal","isPartOf":{"@id":"https:\/\/dt-global.com\/#website"},"primaryImageOfPage":{"@id":"https:\/\/dt-global.com\/fr\/blog\/universal-design\/#primaryimage"},"image":{"@id":"https:\/\/dt-global.com\/fr\/blog\/universal-design\/#primaryimage"},"thumbnailUrl":"https:\/\/dt-global.com\/wp-content\/uploads\/2023\/08\/universal-design-bus-photo.jpg","datePublished":"2021-09-16T04:00:00+00:00","dateModified":"2023-10-19T20:50:24+00:00","breadcrumb":{"@id":"https:\/\/dt-global.com\/fr\/blog\/universal-design\/#breadcrumb"},"inLanguage":"es","potentialAction":[{"@type":"ReadAction","target":["https:\/\/dt-global.com\/fr\/blog\/universal-design\/"]}]},{"@type":"ImageObject","inLanguage":"es","@id":"https:\/\/dt-global.com\/fr\/blog\/universal-design\/#primaryimage","url":"https:\/\/dt-global.com\/wp-content\/uploads\/2023\/08\/universal-design-bus-photo.jpg","contentUrl":"https:\/\/dt-global.com\/wp-content\/uploads\/2023\/08\/universal-design-bus-photo.jpg","width":1950,"height":1113},{"@type":"BreadcrumbList","@id":"https:\/\/dt-global.com\/fr\/blog\/universal-design\/#breadcrumb","itemListElement":[{"@type":"ListItem","position":1,"name":"Home","item":"https:\/\/dt-global.com\/fr\/"},{"@type":"ListItem","position":2,"name":"Universal Design: A Key Part of an Equitable and Inclusive Society"}]},{"@type":"WebSite","@id":"https:\/\/dt-global.com\/#website","url":"https:\/\/dt-global.com\/","name":"DTGlobal","description":"A force for positive change","publisher":{"@id":"https:\/\/dt-global.com\/#organization"},"potentialAction":[{"@type":"SearchAction","target":{"@type":"EntryPoint","urlTemplate":"https:\/\/dt-global.com\/?s={search_term_string}"},"query-input":{"@type":"PropertyValueSpecification","valueRequired":true,"valueName":"search_term_string"}}],"inLanguage":"es"},{"@type":"Organization","@id":"https:\/\/dt-global.com\/#organization","name":"DT Global","url":"https:\/\/dt-global.com\/","logo":{"@type":"ImageObject","inLanguage":"es","@id":"https:\/\/dt-global.com\/#\/schema\/logo\/image\/","url":"https:\/\/dt-global.com\/wp-content\/uploads\/2025\/03\/DTG_Logo_Screen_LRG-1.png","contentUrl":"https:\/\/dt-global.com\/wp-content\/uploads\/2025\/03\/DTG_Logo_Screen_LRG-1.png","width":3368,"height":829,"caption":"DT Global"},"image":{"@id":"https:\/\/dt-global.com\/#\/schema\/logo\/image\/"},"sameAs":["https:\/\/www.facebook.com\/WeAreDTGlobal\/","https:\/\/x.com\/WeAreDTGlobal","https:\/\/www.linkedin.com\/company\/dt-global\/"]},{"@type":"Person","@id":"https:\/\/dt-global.com\/#\/schema\/person\/c45c70b330f80ea786ba6fcc8e1708c3","name":"Mar\u00eda Sagrista","image":{"@type":"ImageObject","inLanguage":"es","@id":"https:\/\/secure.gravatar.com\/avatar\/2d90e797a25394f770565e82b221cba41f4f0f58c8418d6a0a4d94628c82ece7?s=96&d=mm&r=g","url":"https:\/\/secure.gravatar.com\/avatar\/2d90e797a25394f770565e82b221cba41f4f0f58c8418d6a0a4d94628c82ece7?s=96&d=mm&r=g","contentUrl":"https:\/\/secure.gravatar.com\/avatar\/2d90e797a25394f770565e82b221cba41f4f0f58c8418d6a0a4d94628c82ece7?s=96&d=mm&r=g","caption":"Maria Sagrista"},"url":"https:\/\/dt-global.com\/es\/author\/maria-sagrista\/"}]}},"_links":{"self":[{"href":"https:\/\/dt-global.com\/es\/wp-json\/wp\/v2\/posts\/4272","targetHints":{"allow":["GET"]}}],"collection":[{"href":"https:\/\/dt-global.com\/es\/wp-json\/wp\/v2\/posts"}],"about":[{"href":"https:\/\/dt-global.com\/es\/wp-json\/wp\/v2\/types\/post"}],"author":[{"embeddable":true,"href":"https:\/\/dt-global.com\/es\/wp-json\/wp\/v2\/users\/73"}],"replies":[{"embeddable":true,"href":"https:\/\/dt-global.com\/es\/wp-json\/wp\/v2\/comments?post=4272"}],"version-history":[{"count":0,"href":"https:\/\/dt-global.com\/es\/wp-json\/wp\/v2\/posts\/4272\/revisions"}],"wp:featuredmedia":[{"embeddable":true,"href":"https:\/\/dt-global.com\/es\/wp-json\/wp\/v2\/media\/4058"}],"wp:attachment":[{"href":"https:\/\/dt-global.com\/es\/wp-json\/wp\/v2\/media?parent=4272"}],"wp:term":[{"taxonomy":"category","embeddable":true,"href":"https:\/\/dt-global.com\/es\/wp-json\/wp\/v2\/categories?post=4272"},{"taxonomy":"post_tag","embeddable":true,"href":"https:\/\/dt-global.com\/es\/wp-json\/wp\/v2\/tags?post=4272"},{"taxonomy":"category_type","embeddable":true,"href":"https:\/\/dt-global.com\/es\/wp-json\/wp\/v2\/category_type?post=4272"}],"curies":[{"name":"wp","href":"https:\/\/api.w.org\/{rel}","templated":true}]}}