{"id":6399,"date":"2023-09-21T19:36:58","date_gmt":"2023-09-21T23:36:58","guid":{"rendered":"https:\/\/dtglobal.swooncreative.ca\/?p=6399"},"modified":"2023-12-08T15:12:19","modified_gmt":"2023-12-08T20:12:19","slug":"day-of-peace","status":"publish","type":"post","link":"https:\/\/dt-global.com\/es\/blog\/day-of-peace\/","title":{"rendered":"D\u00eda Internacional de la Paz: Promoci\u00f3n de la acci\u00f3n colectiva para una paz sostenible"},"content":{"rendered":"<p>Cada a\u00f1o, el 21 de septiembre, observamos el <a href=\"https:\/\/www.un.org\/en\/observances\/international-day-peace\">Dia Internacional de la Paz<\/a>. Este es un d\u00eda en el que reflexionamos sobre si ha habido avances mensurables en el Objetivo de Desarrollo Sostenible 16, espec\u00edficamente en nuestros esfuerzos por promover sociedades pac\u00edficas, justas e inclusivas.<\/p>","protected":false},"excerpt":{"rendered":"<p>Cada a\u00f1o, el 21 de septiembre, celebramos el D\u00eda Internacional de la Paz. Este es un d\u00eda en el que reflexionamos sobre si ha habido avances mensurables en el Objetivo de Desarrollo Sostenible 16, espec\u00edficamente en nuestros esfuerzos por promover sociedades pac\u00edficas, justas e inclusivas.<\/p>","protected":false},"author":31,"featured_media":7044,"comment_status":"closed","ping_status":"open","sticky":false,"template":"","format":"standard","meta":{"_acf_changed":false,"footnotes":""},"categories":[646,21],"tags":[],"category_type":[17],"class_list":["post-6399","post","type-post","status-publish","format-standard","has-post-thumbnail","hentry","category-blog","category-conflict-prevention-stabilization-transition","category_type-blog"],"acf":[],"yoast_head":"<!-- This site is optimized with the Yoast SEO plugin v27.4 - https:\/\/yoast.com\/product\/yoast-seo-wordpress\/ -->\n<title>International Day of Peace: Promoting Collective Action for Sustainable Peace - DTGlobal<\/title>\n<meta name=\"robots\" content=\"index, follow, max-snippet:-1, max-image-preview:large, max-video-preview:-1\" \/>\n<link rel=\"canonical\" href=\"https:\/\/dt-global.com\/es\/blog\/day-of-peace\/\" \/>\n<meta property=\"og:locale\" content=\"es_ES\" \/>\n<meta property=\"og:type\" content=\"article\" \/>\n<meta property=\"og:title\" content=\"International Day of Peace: Promoting Collective Action for Sustainable Peace - DTGlobal\" \/>\n<meta property=\"og:description\" content=\"Every year on September 21st, we observe the International Day of Peace. This is a day when we reflect on whether there have been measurable advancements in Sustainable Development Goal 16, specifically our efforts to promote peaceful, just, and inclusive societies.\" \/>\n<meta property=\"og:url\" content=\"https:\/\/dt-global.com\/es\/blog\/day-of-peace\/\" \/>\n<meta property=\"og:site_name\" content=\"DTGlobal\" \/>\n<meta property=\"article:publisher\" content=\"https:\/\/www.facebook.com\/WeAreDTGlobal\/\" \/>\n<meta property=\"article:published_time\" content=\"2023-09-21T23:36:58+00:00\" \/>\n<meta property=\"article:modified_time\" content=\"2023-12-08T20:12:19+00:00\" \/>\n<meta property=\"og:image\" content=\"https:\/\/dt-global.com\/wp-content\/uploads\/2023\/10\/Blog-Day-of-Peace.png\" \/>\n\t<meta property=\"og:image:width\" content=\"1080\" \/>\n\t<meta property=\"og:image:height\" content=\"720\" \/>\n\t<meta property=\"og:image:type\" content=\"image\/png\" \/>\n<meta name=\"author\" content=\"Elisabeth Dallas\" \/>\n<meta name=\"twitter:card\" content=\"summary_large_image\" \/>\n<meta name=\"twitter:creator\" content=\"@WeAreDTGlobal\" \/>\n<meta name=\"twitter:site\" content=\"@WeAreDTGlobal\" \/>\n<meta name=\"twitter:label1\" content=\"Escrito por\" \/>\n\t<meta name=\"twitter:data1\" content=\"Elisabeth Dallas\" \/>\n\t<meta name=\"twitter:label2\" content=\"Tiempo de lectura\" \/>\n\t<meta name=\"twitter:data2\" content=\"1 minuto\" \/>\n<script type=\"application\/ld+json\" class=\"yoast-schema-graph\">{\"@context\":\"https:\\\/\\\/schema.org\",\"@graph\":[{\"@type\":\"Article\",\"@id\":\"https:\\\/\\\/dt-global.com\\\/blog\\\/day-of-peace\\\/#article\",\"isPartOf\":{\"@id\":\"https:\\\/\\\/dt-global.com\\\/blog\\\/day-of-peace\\\/\"},\"author\":{\"name\":\"Elisabeth Dallas\",\"@id\":\"https:\\\/\\\/dt-global.com\\\/#\\\/schema\\\/person\\\/de4ca10204ad67388a3928b619b29ab3\"},\"headline\":\"International Day of Peace: Promoting Collective Action for Sustainable Peace\",\"datePublished\":\"2023-09-21T23:36:58+00:00\",\"dateModified\":\"2023-12-08T20:12:19+00:00\",\"mainEntityOfPage\":{\"@id\":\"https:\\\/\\\/dt-global.com\\\/blog\\\/day-of-peace\\\/\"},\"wordCount\":50,\"publisher\":{\"@id\":\"https:\\\/\\\/dt-global.com\\\/#organization\"},\"image\":{\"@id\":\"https:\\\/\\\/dt-global.com\\\/blog\\\/day-of-peace\\\/#primaryimage\"},\"thumbnailUrl\":\"https:\\\/\\\/dt-global.com\\\/wp-content\\\/uploads\\\/2023\\\/10\\\/Blog-Day-of-Peace.png\",\"articleSection\":[\"Blog\",\"Conflict Prevention, Stabilization &amp; Transition\"],\"inLanguage\":\"es\"},{\"@type\":\"WebPage\",\"@id\":\"https:\\\/\\\/dt-global.com\\\/blog\\\/day-of-peace\\\/\",\"url\":\"https:\\\/\\\/dt-global.com\\\/blog\\\/day-of-peace\\\/\",\"name\":\"International Day of Peace: Promoting Collective Action for Sustainable Peace - DTGlobal\",\"isPartOf\":{\"@id\":\"https:\\\/\\\/dt-global.com\\\/#website\"},\"primaryImageOfPage\":{\"@id\":\"https:\\\/\\\/dt-global.com\\\/blog\\\/day-of-peace\\\/#primaryimage\"},\"image\":{\"@id\":\"https:\\\/\\\/dt-global.com\\\/blog\\\/day-of-peace\\\/#primaryimage\"},\"thumbnailUrl\":\"https:\\\/\\\/dt-global.com\\\/wp-content\\\/uploads\\\/2023\\\/10\\\/Blog-Day-of-Peace.png\",\"datePublished\":\"2023-09-21T23:36:58+00:00\",\"dateModified\":\"2023-12-08T20:12:19+00:00\",\"breadcrumb\":{\"@id\":\"https:\\\/\\\/dt-global.com\\\/blog\\\/day-of-peace\\\/#breadcrumb\"},\"inLanguage\":\"es\",\"potentialAction\":[{\"@type\":\"ReadAction\",\"target\":[\"https:\\\/\\\/dt-global.com\\\/blog\\\/day-of-peace\\\/\"]}]},{\"@type\":\"ImageObject\",\"inLanguage\":\"es\",\"@id\":\"https:\\\/\\\/dt-global.com\\\/blog\\\/day-of-peace\\\/#primaryimage\",\"url\":\"https:\\\/\\\/dt-global.com\\\/wp-content\\\/uploads\\\/2023\\\/10\\\/Blog-Day-of-Peace.png\",\"contentUrl\":\"https:\\\/\\\/dt-global.com\\\/wp-content\\\/uploads\\\/2023\\\/10\\\/Blog-Day-of-Peace.png\",\"width\":1080,\"height\":720},{\"@type\":\"BreadcrumbList\",\"@id\":\"https:\\\/\\\/dt-global.com\\\/blog\\\/day-of-peace\\\/#breadcrumb\",\"itemListElement\":[{\"@type\":\"ListItem\",\"position\":1,\"name\":\"Home\",\"item\":\"https:\\\/\\\/dt-global.com\\\/fr\\\/\"},{\"@type\":\"ListItem\",\"position\":2,\"name\":\"International Day of Peace: Promoting Collective Action for Sustainable Peace\"}]},{\"@type\":\"WebSite\",\"@id\":\"https:\\\/\\\/dt-global.com\\\/#website\",\"url\":\"https:\\\/\\\/dt-global.com\\\/\",\"name\":\"DTGlobal\",\"description\":\"A force for positive change\",\"publisher\":{\"@id\":\"https:\\\/\\\/dt-global.com\\\/#organization\"},\"potentialAction\":[{\"@type\":\"SearchAction\",\"target\":{\"@type\":\"EntryPoint\",\"urlTemplate\":\"https:\\\/\\\/dt-global.com\\\/?s={search_term_string}\"},\"query-input\":{\"@type\":\"PropertyValueSpecification\",\"valueRequired\":true,\"valueName\":\"search_term_string\"}}],\"inLanguage\":\"es\"},{\"@type\":\"Organization\",\"@id\":\"https:\\\/\\\/dt-global.com\\\/#organization\",\"name\":\"DT Global\",\"url\":\"https:\\\/\\\/dt-global.com\\\/\",\"logo\":{\"@type\":\"ImageObject\",\"inLanguage\":\"es\",\"@id\":\"https:\\\/\\\/dt-global.com\\\/#\\\/schema\\\/logo\\\/image\\\/\",\"url\":\"https:\\\/\\\/dt-global.com\\\/wp-content\\\/uploads\\\/2025\\\/03\\\/DTG_Logo_Screen_LRG-1.png\",\"contentUrl\":\"https:\\\/\\\/dt-global.com\\\/wp-content\\\/uploads\\\/2025\\\/03\\\/DTG_Logo_Screen_LRG-1.png\",\"width\":3368,\"height\":829,\"caption\":\"DT Global\"},\"image\":{\"@id\":\"https:\\\/\\\/dt-global.com\\\/#\\\/schema\\\/logo\\\/image\\\/\"},\"sameAs\":[\"https:\\\/\\\/www.facebook.com\\\/WeAreDTGlobal\\\/\",\"https:\\\/\\\/x.com\\\/WeAreDTGlobal\",\"https:\\\/\\\/www.linkedin.com\\\/company\\\/dt-global\\\/\"]},{\"@type\":\"Person\",\"@id\":\"https:\\\/\\\/dt-global.com\\\/#\\\/schema\\\/person\\\/de4ca10204ad67388a3928b619b29ab3\",\"name\":\"Elisabeth Dallas\",\"image\":{\"@type\":\"ImageObject\",\"inLanguage\":\"es\",\"@id\":\"https:\\\/\\\/secure.gravatar.com\\\/avatar\\\/4fa8f6f001ddca99593ebd78194dfe08bb88b4663c56dadd1ff7940b6071cfcb?s=96&d=mm&r=g\",\"url\":\"https:\\\/\\\/secure.gravatar.com\\\/avatar\\\/4fa8f6f001ddca99593ebd78194dfe08bb88b4663c56dadd1ff7940b6071cfcb?s=96&d=mm&r=g\",\"contentUrl\":\"https:\\\/\\\/secure.gravatar.com\\\/avatar\\\/4fa8f6f001ddca99593ebd78194dfe08bb88b4663c56dadd1ff7940b6071cfcb?s=96&d=mm&r=g\",\"caption\":\"Elisabeth Dallas\"},\"url\":\"https:\\\/\\\/dt-global.com\\\/es\\\/author\\\/elisabeth-dallas\\\/\"}]}<\/script>\n<!-- \/ Yoast SEO plugin. -->","yoast_head_json":{"title":"International Day of Peace: Promoting Collective Action for Sustainable Peace - DTGlobal","robots":{"index":"index","follow":"follow","max-snippet":"max-snippet:-1","max-image-preview":"max-image-preview:large","max-video-preview":"max-video-preview:-1"},"canonical":"https:\/\/dt-global.com\/es\/blog\/day-of-peace\/","og_locale":"es_ES","og_type":"article","og_title":"International Day of Peace: Promoting Collective Action for Sustainable Peace - DTGlobal","og_description":"Every year on September 21st, we observe the International Day of Peace. This is a day when we reflect on whether there have been measurable advancements in Sustainable Development Goal 16, specifically our efforts to promote peaceful, just, and inclusive societies.","og_url":"https:\/\/dt-global.com\/es\/blog\/day-of-peace\/","og_site_name":"DTGlobal","article_publisher":"https:\/\/www.facebook.com\/WeAreDTGlobal\/","article_published_time":"2023-09-21T23:36:58+00:00","article_modified_time":"2023-12-08T20:12:19+00:00","og_image":[{"width":1080,"height":720,"url":"https:\/\/dt-global.com\/wp-content\/uploads\/2023\/10\/Blog-Day-of-Peace.png","type":"image\/png"}],"author":"Elisabeth Dallas","twitter_card":"summary_large_image","twitter_creator":"@WeAreDTGlobal","twitter_site":"@WeAreDTGlobal","twitter_misc":{"Escrito por":"Elisabeth Dallas","Tiempo de lectura":"1 minuto"},"schema":{"@context":"https:\/\/schema.org","@graph":[{"@type":"Article","@id":"https:\/\/dt-global.com\/blog\/day-of-peace\/#article","isPartOf":{"@id":"https:\/\/dt-global.com\/blog\/day-of-peace\/"},"author":{"name":"Elisabeth Dallas","@id":"https:\/\/dt-global.com\/#\/schema\/person\/de4ca10204ad67388a3928b619b29ab3"},"headline":"International Day of Peace: Promoting Collective Action for Sustainable Peace","datePublished":"2023-09-21T23:36:58+00:00","dateModified":"2023-12-08T20:12:19+00:00","mainEntityOfPage":{"@id":"https:\/\/dt-global.com\/blog\/day-of-peace\/"},"wordCount":50,"publisher":{"@id":"https:\/\/dt-global.com\/#organization"},"image":{"@id":"https:\/\/dt-global.com\/blog\/day-of-peace\/#primaryimage"},"thumbnailUrl":"https:\/\/dt-global.com\/wp-content\/uploads\/2023\/10\/Blog-Day-of-Peace.png","articleSection":["Blog","Conflict Prevention, Stabilization &amp; Transition"],"inLanguage":"es"},{"@type":"WebPage","@id":"https:\/\/dt-global.com\/blog\/day-of-peace\/","url":"https:\/\/dt-global.com\/blog\/day-of-peace\/","name":"International Day of Peace: Promoting Collective Action for Sustainable Peace - DTGlobal","isPartOf":{"@id":"https:\/\/dt-global.com\/#website"},"primaryImageOfPage":{"@id":"https:\/\/dt-global.com\/blog\/day-of-peace\/#primaryimage"},"image":{"@id":"https:\/\/dt-global.com\/blog\/day-of-peace\/#primaryimage"},"thumbnailUrl":"https:\/\/dt-global.com\/wp-content\/uploads\/2023\/10\/Blog-Day-of-Peace.png","datePublished":"2023-09-21T23:36:58+00:00","dateModified":"2023-12-08T20:12:19+00:00","breadcrumb":{"@id":"https:\/\/dt-global.com\/blog\/day-of-peace\/#breadcrumb"},"inLanguage":"es","potentialAction":[{"@type":"ReadAction","target":["https:\/\/dt-global.com\/blog\/day-of-peace\/"]}]},{"@type":"ImageObject","inLanguage":"es","@id":"https:\/\/dt-global.com\/blog\/day-of-peace\/#primaryimage","url":"https:\/\/dt-global.com\/wp-content\/uploads\/2023\/10\/Blog-Day-of-Peace.png","contentUrl":"https:\/\/dt-global.com\/wp-content\/uploads\/2023\/10\/Blog-Day-of-Peace.png","width":1080,"height":720},{"@type":"BreadcrumbList","@id":"https:\/\/dt-global.com\/blog\/day-of-peace\/#breadcrumb","itemListElement":[{"@type":"ListItem","position":1,"name":"Home","item":"https:\/\/dt-global.com\/fr\/"},{"@type":"ListItem","position":2,"name":"International Day of Peace: Promoting Collective Action for Sustainable Peace"}]},{"@type":"WebSite","@id":"https:\/\/dt-global.com\/#website","url":"https:\/\/dt-global.com\/","name":"DTGlobal","description":"A force for positive change","publisher":{"@id":"https:\/\/dt-global.com\/#organization"},"potentialAction":[{"@type":"SearchAction","target":{"@type":"EntryPoint","urlTemplate":"https:\/\/dt-global.com\/?s={search_term_string}"},"query-input":{"@type":"PropertyValueSpecification","valueRequired":true,"valueName":"search_term_string"}}],"inLanguage":"es"},{"@type":"Organization","@id":"https:\/\/dt-global.com\/#organization","name":"DT Global","url":"https:\/\/dt-global.com\/","logo":{"@type":"ImageObject","inLanguage":"es","@id":"https:\/\/dt-global.com\/#\/schema\/logo\/image\/","url":"https:\/\/dt-global.com\/wp-content\/uploads\/2025\/03\/DTG_Logo_Screen_LRG-1.png","contentUrl":"https:\/\/dt-global.com\/wp-content\/uploads\/2025\/03\/DTG_Logo_Screen_LRG-1.png","width":3368,"height":829,"caption":"DT Global"},"image":{"@id":"https:\/\/dt-global.com\/#\/schema\/logo\/image\/"},"sameAs":["https:\/\/www.facebook.com\/WeAreDTGlobal\/","https:\/\/x.com\/WeAreDTGlobal","https:\/\/www.linkedin.com\/company\/dt-global\/"]},{"@type":"Person","@id":"https:\/\/dt-global.com\/#\/schema\/person\/de4ca10204ad67388a3928b619b29ab3","name":"Elizabeth Dallas","image":{"@type":"ImageObject","inLanguage":"es","@id":"https:\/\/secure.gravatar.com\/avatar\/4fa8f6f001ddca99593ebd78194dfe08bb88b4663c56dadd1ff7940b6071cfcb?s=96&d=mm&r=g","url":"https:\/\/secure.gravatar.com\/avatar\/4fa8f6f001ddca99593ebd78194dfe08bb88b4663c56dadd1ff7940b6071cfcb?s=96&d=mm&r=g","contentUrl":"https:\/\/secure.gravatar.com\/avatar\/4fa8f6f001ddca99593ebd78194dfe08bb88b4663c56dadd1ff7940b6071cfcb?s=96&d=mm&r=g","caption":"Elisabeth Dallas"},"url":"https:\/\/dt-global.com\/es\/author\/elisabeth-dallas\/"}]}},"_links":{"self":[{"href":"https:\/\/dt-global.com\/es\/wp-json\/wp\/v2\/posts\/6399","targetHints":{"allow":["GET"]}}],"collection":[{"href":"https:\/\/dt-global.com\/es\/wp-json\/wp\/v2\/posts"}],"about":[{"href":"https:\/\/dt-global.com\/es\/wp-json\/wp\/v2\/types\/post"}],"author":[{"embeddable":true,"href":"https:\/\/dt-global.com\/es\/wp-json\/wp\/v2\/users\/31"}],"replies":[{"embeddable":true,"href":"https:\/\/dt-global.com\/es\/wp-json\/wp\/v2\/comments?post=6399"}],"version-history":[{"count":2,"href":"https:\/\/dt-global.com\/es\/wp-json\/wp\/v2\/posts\/6399\/revisions"}],"predecessor-version":[{"id":7896,"href":"https:\/\/dt-global.com\/es\/wp-json\/wp\/v2\/posts\/6399\/revisions\/7896"}],"wp:featuredmedia":[{"embeddable":true,"href":"https:\/\/dt-global.com\/es\/wp-json\/wp\/v2\/media\/7044"}],"wp:attachment":[{"href":"https:\/\/dt-global.com\/es\/wp-json\/wp\/v2\/media?parent=6399"}],"wp:term":[{"taxonomy":"category","embeddable":true,"href":"https:\/\/dt-global.com\/es\/wp-json\/wp\/v2\/categories?post=6399"},{"taxonomy":"post_tag","embeddable":true,"href":"https:\/\/dt-global.com\/es\/wp-json\/wp\/v2\/tags?post=6399"},{"taxonomy":"category_type","embeddable":true,"href":"https:\/\/dt-global.com\/es\/wp-json\/wp\/v2\/category_type?post=6399"}],"curies":[{"name":"wp","href":"https:\/\/api.w.org\/{rel}","templated":true}]}}